{"id":4428,"date":"2022-04-29T16:51:23","date_gmt":"2022-04-29T14:51:23","guid":{"rendered":"https:\/\/www.figcmarche.it\/ancona\/?p=4428"},"modified":"2022-04-29T16:53:00","modified_gmt":"2022-04-29T14:53:00","slug":"lolimpia-ostra-vetere-si-aggiudica-il-titolo-di-campione-provinciale-under-19-juniores-ancona","status":"publish","type":"post","link":"https:\/\/www.figcmarche.it\/ancona\/news\/lolimpia-ostra-vetere-si-aggiudica-il-titolo-di-campione-provinciale-under-19-juniores-ancona","title":{"rendered":"L&#8217;OLIMPIA OSTRA VETERE SI AGGIUDICA IL TITOLO DI CAMPIONE PROVINCIALE UNDER 19 JUNIORES &#8211; ANCONA"},"content":{"rendered":"<p><img loading=\"lazy\" class=\"alignnone size-full wp-image-4427\" src=\"https:\/\/www.figcmarche.it\/ancona\/wp-content\/uploads\/sites\/4\/2022\/04\/Olimpia-Ostra-V.png\" alt=\"\" width=\"174\" height=\"290\" \/><\/p>\n<p><u>La societ\u00e0 <strong>OLIMPIA OSTRA VETERE<\/strong> si \u00e8 aggiudicata il titolo di campione provinciale Juniores.<\/u><\/p>\n<p><strong><u>Alla Societ\u00e0 le pi\u00f9 sentite congratulazioni da parte della Delegazione provinciale.<\/u><\/strong><\/p>\n","protected":false},"excerpt":{"rendered":"<p>La societ\u00e0 OLIMPIA OSTRA VETERE si \u00e8 aggiudicata il titolo di campione provinciale Juniores. Alla Societ\u00e0 le pi\u00f9 sentite congratulazioni da parte della Delegazione provinciale.<\/p>\n","protected":false},"author":12,"featured_media":4427,"comment_status":"open","ping_status":"open","sticky":false,"template":"","format":"standard","meta":{"ngg_post_thumbnail":0},"categories":[1],"tags":[],"_links":{"self":[{"href":"https:\/\/www.figcmarche.it\/ancona\/wp-json\/wp\/v2\/posts\/4428"}],"collection":[{"href":"https:\/\/www.figcmarche.it\/ancona\/wp-json\/wp\/v2\/posts"}],"about":[{"href":"https:\/\/www.figcmarche.it\/ancona\/wp-json\/wp\/v2\/types\/post"}],"author":[{"embeddable":true,"href":"https:\/\/www.figcmarche.it\/ancona\/wp-json\/wp\/v2\/users\/12"}],"replies":[{"embeddable":true,"href":"https:\/\/www.figcmarche.it\/ancona\/wp-json\/wp\/v2\/comments?post=4428"}],"version-history":[{"count":1,"href":"https:\/\/www.figcmarche.it\/ancona\/wp-json\/wp\/v2\/posts\/4428\/revisions"}],"predecessor-version":[{"id":4429,"href":"https:\/\/www.figcmarche.it\/ancona\/wp-json\/wp\/v2\/posts\/4428\/revisions\/4429"}],"wp:featuredmedia":[{"embeddable":true,"href":"https:\/\/www.figcmarche.it\/ancona\/wp-json\/wp\/v2\/media\/4427"}],"wp:attachment":[{"href":"https:\/\/www.figcmarche.it\/ancona\/wp-json\/wp\/v2\/media?parent=4428"}],"wp:term":[{"taxonomy":"category","embeddable":true,"href":"https:\/\/www.figcmarche.it\/ancona\/wp-json\/wp\/v2\/categories?post=4428"},{"taxonomy":"post_tag","embeddable":true,"href":"https:\/\/www.figcmarche.it\/ancona\/wp-json\/wp\/v2\/tags?post=4428"}],"curies":[{"name":"wp","href":"https:\/\/api.w.org\/{rel}","templated":true}]}}