{"id":4555,"date":"2022-06-03T23:55:19","date_gmt":"2022-06-03T21:55:19","guid":{"rendered":"https:\/\/www.figcmarche.it\/ancona\/?p=4555"},"modified":"2022-06-03T23:57:03","modified_gmt":"2022-06-03T21:57:03","slug":"la-societa-osimo-five-si-aggiudica-il-titolo-provinciale-serie-d-calcio-a-5-ancona","status":"publish","type":"post","link":"https:\/\/www.figcmarche.it\/ancona\/news\/la-societa-osimo-five-si-aggiudica-il-titolo-provinciale-serie-d-calcio-a-5-ancona","title":{"rendered":"LA SOCIET\u00c0 OSIMO FIVE SI AGGIUDICA IL TITOLO PROVINCIALE SERIE D CALCIO A 5 ANCONA."},"content":{"rendered":"<p><img loading=\"lazy\" class=\"alignnone size-full wp-image-4554\" src=\"https:\/\/www.figcmarche.it\/ancona\/wp-content\/uploads\/sites\/4\/2022\/06\/scudetto-osimo-five.jpg\" alt=\"\" width=\"210\" height=\"240\" \/>\u00a0 \u00a0 <img loading=\"lazy\" class=\"alignnone size-medium wp-image-4549\" src=\"https:\/\/www.figcmarche.it\/ancona\/wp-content\/uploads\/sites\/4\/2022\/06\/esultanza-300x225.jpg\" alt=\"\" width=\"300\" height=\"225\" srcset=\"https:\/\/www.figcmarche.it\/ancona\/wp-content\/uploads\/sites\/4\/2022\/06\/esultanza-300x225.jpg 300w, https:\/\/www.figcmarche.it\/ancona\/wp-content\/uploads\/sites\/4\/2022\/06\/esultanza.jpg 640w\" sizes=\"(max-width: 300px) 100vw, 300px\" \/><\/p>\n<p><strong>La societ\u00e0 OSIMO FIVE si aggiudica il Titolo provinciale SERIE D CALCIO A 5 ANCONA.<\/strong><\/p>\n<p>Venerd\u00ec 3 giugno 2022 presso la struttura del Pallone Geodetico C.U.S. Ancona si \u00e8 svolta la gara finale per il Titolo Provinciale Ancona 2021\/2022 di Serie D Calcio a 5 tra OSIMO FIVE e ANCONITANA CALCIO A 5, prime classificate nei rispettivi gironi della stagione regolare.<\/p>\n<p>Al termine di una bella partita giocata da entrambe le squadre con ritmo intenso e spirito sportivo, ha prevalso ai rigori l\u2019OSIMO FIVE a cui vanno le congratulazioni della Delegazione Provinciale LND Ancona.<\/p>\n<p>La serata si \u00e8 conclusa con la premiazione sul campo della squadra vincitrice e la consegna delle coppe ad entrambe le finaliste e delle targhe agli arbitri.<\/p>\n<p><img loading=\"lazy\" class=\"alignnone size-medium wp-image-4550\" src=\"https:\/\/www.figcmarche.it\/ancona\/wp-content\/uploads\/sites\/4\/2022\/06\/coppa-1-300x225.jpg\" alt=\"\" width=\"300\" height=\"225\" srcset=\"https:\/\/www.figcmarche.it\/ancona\/wp-content\/uploads\/sites\/4\/2022\/06\/coppa-1-300x225.jpg 300w, https:\/\/www.figcmarche.it\/ancona\/wp-content\/uploads\/sites\/4\/2022\/06\/coppa-1.jpg 640w\" sizes=\"(max-width: 300px) 100vw, 300px\" \/> <img loading=\"lazy\" class=\"alignnone size-medium wp-image-4551\" src=\"https:\/\/www.figcmarche.it\/ancona\/wp-content\/uploads\/sites\/4\/2022\/06\/coppa-2-300x225.jpg\" alt=\"\" width=\"300\" height=\"225\" srcset=\"https:\/\/www.figcmarche.it\/ancona\/wp-content\/uploads\/sites\/4\/2022\/06\/coppa-2-300x225.jpg 300w, https:\/\/www.figcmarche.it\/ancona\/wp-content\/uploads\/sites\/4\/2022\/06\/coppa-2.jpg 640w\" sizes=\"(max-width: 300px) 100vw, 300px\" \/> <img loading=\"lazy\" class=\"alignnone size-medium wp-image-4552\" src=\"https:\/\/www.figcmarche.it\/ancona\/wp-content\/uploads\/sites\/4\/2022\/06\/arbitro-1-300x225.jpg\" alt=\"\" width=\"300\" height=\"225\" srcset=\"https:\/\/www.figcmarche.it\/ancona\/wp-content\/uploads\/sites\/4\/2022\/06\/arbitro-1-300x225.jpg 300w, https:\/\/www.figcmarche.it\/ancona\/wp-content\/uploads\/sites\/4\/2022\/06\/arbitro-1.jpg 640w\" sizes=\"(max-width: 300px) 100vw, 300px\" \/> <img loading=\"lazy\" class=\"alignnone size-medium wp-image-4553\" src=\"https:\/\/www.figcmarche.it\/ancona\/wp-content\/uploads\/sites\/4\/2022\/06\/arbitro-2-300x225.jpg\" alt=\"\" width=\"300\" height=\"225\" srcset=\"https:\/\/www.figcmarche.it\/ancona\/wp-content\/uploads\/sites\/4\/2022\/06\/arbitro-2-300x225.jpg 300w, https:\/\/www.figcmarche.it\/ancona\/wp-content\/uploads\/sites\/4\/2022\/06\/arbitro-2.jpg 640w\" sizes=\"(max-width: 300px) 100vw, 300px\" \/><\/p>\n","protected":false},"excerpt":{"rendered":"<p>\u00a0 \u00a0 La societ\u00e0 OSIMO FIVE si aggiudica il Titolo provinciale SERIE D CALCIO A 5 ANCONA. Venerd\u00ec 3 giugno 2022 presso la struttura del Pallone Geodetico C.U.S. Ancona si \u00e8 svolta la gara finale per il Titolo Provinciale Ancona 2021\/2022 di Serie D Calcio a 5 tra OSIMO FIVE e ANCONITANA CALCIO A 5, &hellip; <\/p>\n<p class=\"link-more\"><a href=\"https:\/\/www.figcmarche.it\/ancona\/news\/la-societa-osimo-five-si-aggiudica-il-titolo-provinciale-serie-d-calcio-a-5-ancona\" class=\"more-link\">Leggi tutto<span class=\"screen-reader-text\"> &#8220;LA SOCIET\u00c0 OSIMO FIVE SI AGGIUDICA IL TITOLO PROVINCIALE SERIE D CALCIO A 5 ANCONA.&#8221;<\/span><\/a><\/p>\n","protected":false},"author":12,"featured_media":4548,"comment_status":"open","ping_status":"open","sticky":false,"template":"","format":"standard","meta":{"ngg_post_thumbnail":0},"categories":[1],"tags":[],"_links":{"self":[{"href":"https:\/\/www.figcmarche.it\/ancona\/wp-json\/wp\/v2\/posts\/4555"}],"collection":[{"href":"https:\/\/www.figcmarche.it\/ancona\/wp-json\/wp\/v2\/posts"}],"about":[{"href":"https:\/\/www.figcmarche.it\/ancona\/wp-json\/wp\/v2\/types\/post"}],"author":[{"embeddable":true,"href":"https:\/\/www.figcmarche.it\/ancona\/wp-json\/wp\/v2\/users\/12"}],"replies":[{"embeddable":true,"href":"https:\/\/www.figcmarche.it\/ancona\/wp-json\/wp\/v2\/comments?post=4555"}],"version-history":[{"count":2,"href":"https:\/\/www.figcmarche.it\/ancona\/wp-json\/wp\/v2\/posts\/4555\/revisions"}],"predecessor-version":[{"id":4557,"href":"https:\/\/www.figcmarche.it\/ancona\/wp-json\/wp\/v2\/posts\/4555\/revisions\/4557"}],"wp:featuredmedia":[{"embeddable":true,"href":"https:\/\/www.figcmarche.it\/ancona\/wp-json\/wp\/v2\/media\/4548"}],"wp:attachment":[{"href":"https:\/\/www.figcmarche.it\/ancona\/wp-json\/wp\/v2\/media?parent=4555"}],"wp:term":[{"taxonomy":"category","embeddable":true,"href":"https:\/\/www.figcmarche.it\/ancona\/wp-json\/wp\/v2\/categories?post=4555"},{"taxonomy":"post_tag","embeddable":true,"href":"https:\/\/www.figcmarche.it\/ancona\/wp-json\/wp\/v2\/tags?post=4555"}],"curies":[{"name":"wp","href":"https:\/\/api.w.org\/{rel}","templated":true}]}}