{"id":5527,"date":"2023-04-14T17:47:09","date_gmt":"2023-04-14T15:47:09","guid":{"rendered":"https:\/\/www.figcmarche.it\/ancona\/?p=5527"},"modified":"2023-04-14T17:47:09","modified_gmt":"2023-04-14T15:47:09","slug":"la-societa-argignano-conquista-la-coppa-marche-seconda-categoria","status":"publish","type":"post","link":"https:\/\/www.figcmarche.it\/ancona\/news\/la-societa-argignano-conquista-la-coppa-marche-seconda-categoria","title":{"rendered":"LA SOCIET\u00c0 ARGIGNANO CONQUISTA LA COPPA MARCHE SECONDA CATEGORIA"},"content":{"rendered":"<p>Marted\u00ec 11 aprile 2023 presso il Campo Federale &#8220;Paolinelli&#8221; di Ancona si \u00e8 svolta la finale per l\u2019assegnazione della Coppa Marche Seconda Categoria che ha visto impegnate le Societ\u00e0 ARGIGNANO e REAL TELUSIANO CALCIO.<\/p>\n<p>Al termine di una bella partita giocata da entrambe le squadre con ritmo intenso in una splendida cornice di pubblico, ha prevalso con il punteggio di 2 a 0 la squadra dell&#8217;ARGIGNANO, a cui vanno le congratulazioni del Comitato Regionale Marche e della Delegazione Provinciale LND Ancona.<br \/>\nLa giornata si \u00e8 conclusa con la premiazione sul campo della squadra vincitrice e la consegna delle coppe ad entrambe le finaliste e delle targhe agli arbitri.<\/p>\n<p><img loading=\"lazy\" class=\"alignnone size-full wp-image-5528\" src=\"https:\/\/www.figcmarche.it\/ancona\/wp-content\/uploads\/sites\/4\/2023\/04\/argignano-foto.png\" alt=\"\" width=\"256\" height=\"197\" \/><\/p>\n<p><img loading=\"lazy\" class=\"alignnone size-medium wp-image-5514\" src=\"https:\/\/www.figcmarche.it\/ancona\/wp-content\/uploads\/sites\/4\/2023\/04\/FOTO-2-COPPA-2-258x300.jpg\" alt=\"\" width=\"258\" height=\"300\" srcset=\"https:\/\/www.figcmarche.it\/ancona\/wp-content\/uploads\/sites\/4\/2023\/04\/FOTO-2-COPPA-2-258x300.jpg 258w, https:\/\/www.figcmarche.it\/ancona\/wp-content\/uploads\/sites\/4\/2023\/04\/FOTO-2-COPPA-2-882x1024.jpg 882w, https:\/\/www.figcmarche.it\/ancona\/wp-content\/uploads\/sites\/4\/2023\/04\/FOTO-2-COPPA-2-768x892.jpg 768w, https:\/\/www.figcmarche.it\/ancona\/wp-content\/uploads\/sites\/4\/2023\/04\/FOTO-2-COPPA-2-1323x1536.jpg 1323w, https:\/\/www.figcmarche.it\/ancona\/wp-content\/uploads\/sites\/4\/2023\/04\/FOTO-2-COPPA-2-1764x2048.jpg 1764w, https:\/\/www.figcmarche.it\/ancona\/wp-content\/uploads\/sites\/4\/2023\/04\/FOTO-2-COPPA-2.jpg 2040w\" sizes=\"(max-width: 258px) 100vw, 258px\" \/>\u00a0 \u00a0 \u00a0 \u00a0\u00a0 \u00a0 <img loading=\"lazy\" class=\"alignnone size-medium wp-image-5513\" src=\"https:\/\/www.figcmarche.it\/ancona\/wp-content\/uploads\/sites\/4\/2023\/04\/FOTO-1-COPPA-2-262x300.jpg\" alt=\"\" width=\"262\" height=\"300\" srcset=\"https:\/\/www.figcmarche.it\/ancona\/wp-content\/uploads\/sites\/4\/2023\/04\/FOTO-1-COPPA-2-262x300.jpg 262w, https:\/\/www.figcmarche.it\/ancona\/wp-content\/uploads\/sites\/4\/2023\/04\/FOTO-1-COPPA-2-894x1024.jpg 894w, https:\/\/www.figcmarche.it\/ancona\/wp-content\/uploads\/sites\/4\/2023\/04\/FOTO-1-COPPA-2-768x880.jpg 768w, https:\/\/www.figcmarche.it\/ancona\/wp-content\/uploads\/sites\/4\/2023\/04\/FOTO-1-COPPA-2-1340x1536.jpg 1340w, https:\/\/www.figcmarche.it\/ancona\/wp-content\/uploads\/sites\/4\/2023\/04\/FOTO-1-COPPA-2-1787x2048.jpg 1787w\" sizes=\"(max-width: 262px) 100vw, 262px\" \/><\/p>\n","protected":false},"excerpt":{"rendered":"<p>Marted\u00ec 11 aprile 2023 presso il Campo Federale &#8220;Paolinelli&#8221; di Ancona si \u00e8 svolta la finale per l\u2019assegnazione della Coppa Marche Seconda Categoria che ha visto impegnate le Societ\u00e0 ARGIGNANO e REAL TELUSIANO CALCIO. Al termine di una bella partita giocata da entrambe le squadre con ritmo intenso in una splendida cornice di pubblico, ha &hellip; <\/p>\n<p class=\"link-more\"><a href=\"https:\/\/www.figcmarche.it\/ancona\/news\/la-societa-argignano-conquista-la-coppa-marche-seconda-categoria\" class=\"more-link\">Leggi tutto<span class=\"screen-reader-text\"> &#8220;LA SOCIET\u00c0 ARGIGNANO CONQUISTA LA COPPA MARCHE SECONDA CATEGORIA&#8221;<\/span><\/a><\/p>\n","protected":false},"author":12,"featured_media":5514,"comment_status":"open","ping_status":"open","sticky":false,"template":"","format":"standard","meta":{"ngg_post_thumbnail":0},"categories":[1],"tags":[],"_links":{"self":[{"href":"https:\/\/www.figcmarche.it\/ancona\/wp-json\/wp\/v2\/posts\/5527"}],"collection":[{"href":"https:\/\/www.figcmarche.it\/ancona\/wp-json\/wp\/v2\/posts"}],"about":[{"href":"https:\/\/www.figcmarche.it\/ancona\/wp-json\/wp\/v2\/types\/post"}],"author":[{"embeddable":true,"href":"https:\/\/www.figcmarche.it\/ancona\/wp-json\/wp\/v2\/users\/12"}],"replies":[{"embeddable":true,"href":"https:\/\/www.figcmarche.it\/ancona\/wp-json\/wp\/v2\/comments?post=5527"}],"version-history":[{"count":1,"href":"https:\/\/www.figcmarche.it\/ancona\/wp-json\/wp\/v2\/posts\/5527\/revisions"}],"predecessor-version":[{"id":5529,"href":"https:\/\/www.figcmarche.it\/ancona\/wp-json\/wp\/v2\/posts\/5527\/revisions\/5529"}],"wp:featuredmedia":[{"embeddable":true,"href":"https:\/\/www.figcmarche.it\/ancona\/wp-json\/wp\/v2\/media\/5514"}],"wp:attachment":[{"href":"https:\/\/www.figcmarche.it\/ancona\/wp-json\/wp\/v2\/media?parent=5527"}],"wp:term":[{"taxonomy":"category","embeddable":true,"href":"https:\/\/www.figcmarche.it\/ancona\/wp-json\/wp\/v2\/categories?post=5527"},{"taxonomy":"post_tag","embeddable":true,"href":"https:\/\/www.figcmarche.it\/ancona\/wp-json\/wp\/v2\/tags?post=5527"}],"curies":[{"name":"wp","href":"https:\/\/api.w.org\/{rel}","templated":true}]}}