{"id":6167,"date":"2023-12-20T16:38:03","date_gmt":"2023-12-20T15:38:03","guid":{"rendered":"https:\/\/www.figcmarche.it\/ancona\/?p=6167"},"modified":"2023-12-20T16:38:03","modified_gmt":"2023-12-20T15:38:03","slug":"nuovo-indirizzo-mail-delegazione-provinciale-di-ancona","status":"publish","type":"post","link":"https:\/\/www.figcmarche.it\/ancona\/news\/nuovo-indirizzo-mail-delegazione-provinciale-di-ancona","title":{"rendered":"NUOVO INDIRIZZO MAIL DELEGAZIONE PROVINCIALE DI ANCONA"},"content":{"rendered":"<p><strong><u>NUOVO INDIRIZZO MAIL DELEGAZIONE PROVINCIALE ANCONA<\/u><\/strong><\/p>\n<p><strong>Si comunica che l\u2019account mail <\/strong><a href=\"mailto:cplnd.ancona@figc.it\"><strong>cplnd.ancona@figc.it<\/strong><\/a><strong> \u00e8 stato dismesso.<\/strong><\/p>\n<p><strong>Dalla data odierna \u00e8 attivo il nuovo indirizzo mail gi\u00e0 riportato nell\u2019intestazione del presente C.U.<\/strong><\/p>\n<p><strong>IL NUOVO INDIRIZZO MAIL E\u2019:\u00a0\u00a0\u00a0\u00a0\u00a0 <a href=\"mailto:cp.ancona@lnd.it\">cp.ancona@lnd.it<\/a><\/strong><\/p>\n<p><strong>\u00a0<\/strong><\/p>\n","protected":false},"excerpt":{"rendered":"<p>NUOVO INDIRIZZO MAIL DELEGAZIONE PROVINCIALE ANCONA Si comunica che l\u2019account mail cplnd.ancona@figc.it \u00e8 stato dismesso. Dalla data odierna \u00e8 attivo il nuovo indirizzo mail gi\u00e0 riportato nell\u2019intestazione del presente C.U. IL NUOVO INDIRIZZO MAIL E\u2019:\u00a0\u00a0\u00a0\u00a0\u00a0 cp.ancona@lnd.it \u00a0<\/p>\n","protected":false},"author":12,"featured_media":5812,"comment_status":"open","ping_status":"open","sticky":false,"template":"","format":"standard","meta":{"ngg_post_thumbnail":0},"categories":[1],"tags":[],"_links":{"self":[{"href":"https:\/\/www.figcmarche.it\/ancona\/wp-json\/wp\/v2\/posts\/6167"}],"collection":[{"href":"https:\/\/www.figcmarche.it\/ancona\/wp-json\/wp\/v2\/posts"}],"about":[{"href":"https:\/\/www.figcmarche.it\/ancona\/wp-json\/wp\/v2\/types\/post"}],"author":[{"embeddable":true,"href":"https:\/\/www.figcmarche.it\/ancona\/wp-json\/wp\/v2\/users\/12"}],"replies":[{"embeddable":true,"href":"https:\/\/www.figcmarche.it\/ancona\/wp-json\/wp\/v2\/comments?post=6167"}],"version-history":[{"count":1,"href":"https:\/\/www.figcmarche.it\/ancona\/wp-json\/wp\/v2\/posts\/6167\/revisions"}],"predecessor-version":[{"id":6168,"href":"https:\/\/www.figcmarche.it\/ancona\/wp-json\/wp\/v2\/posts\/6167\/revisions\/6168"}],"wp:featuredmedia":[{"embeddable":true,"href":"https:\/\/www.figcmarche.it\/ancona\/wp-json\/wp\/v2\/media\/5812"}],"wp:attachment":[{"href":"https:\/\/www.figcmarche.it\/ancona\/wp-json\/wp\/v2\/media?parent=6167"}],"wp:term":[{"taxonomy":"category","embeddable":true,"href":"https:\/\/www.figcmarche.it\/ancona\/wp-json\/wp\/v2\/categories?post=6167"},{"taxonomy":"post_tag","embeddable":true,"href":"https:\/\/www.figcmarche.it\/ancona\/wp-json\/wp\/v2\/tags?post=6167"}],"curies":[{"name":"wp","href":"https:\/\/api.w.org\/{rel}","templated":true}]}}